{"id":382,"date":"2025-12-10T10:21:24","date_gmt":"2025-12-10T09:21:24","guid":{"rendered":"https:\/\/edukacja-rownosc.pl\/?p=382"},"modified":"2025-12-10T11:34:42","modified_gmt":"2025-12-10T10:34:42","slug":"zmiana-godzin-pracy-pop-w-okresie-swiateczno-noworocznym","status":"publish","type":"post","link":"https:\/\/edukacja-rownosc.pl\/index.php\/2025\/12\/10\/zmiana-godzin-pracy-pop-w-okresie-swiateczno-noworocznym\/","title":{"rendered":"Zmiana godzin pracy POP w okresie \u015bwi\u0105teczno-noworocznym"},"content":{"rendered":"\n<p><strong>Szanowni Pa\u0144stwo,<\/strong><br>informujemy, \u017ce w zwi\u0105zku ze zbli\u017caj\u0105cym si\u0119 okresem \u015bwi\u0105teczno-noworocznym <strong>Punkt Obs\u0142ugi Przedsi\u0119biorcy b\u0119dzie dzia\u0142a\u0142 wed\u0142ug zmienionego harmonogramu<\/strong>:<\/p>\n\n\n\n<ul class=\"wp-block-list\">\n<li><strong>24.12.2025<\/strong> \u2013 nieczynne<\/li>\n\n\n\n<li><strong>25.12.2025<\/strong> \u2013 nieczynne<\/li>\n\n\n\n<li><strong>26.12.2025<\/strong> \u2013 nieczynne<\/li>\n\n\n\n<li><strong>31.12.2025<\/strong> \u2013 otwarte w godz. <strong>8:00\u201314:00<\/strong><\/li>\n\n\n\n<li><strong>01.01.2026<\/strong> \u2013 nieczynne<\/li>\n\n\n\n<li><strong>02.01.2026<\/strong> \u2013 nieczynne<\/li>\n\n\n\n<li><strong>05.01.2026<\/strong> \u2013 otwarte w godz. <strong>8:00\u201316:00<\/strong><\/li>\n\n\n\n<li><strong>06.01.2026<\/strong> \u2013 nieczynne<\/li>\n<\/ul>\n\n\n\n<p>Zach\u0119camy do kontaktu w dniach pracy Punktu.<\/p>\n\n\n\n<p><\/p>\n\n\n\n<p>\u017byczymy Pa\u0144stwu spokojnych, pe\u0142nych rado\u015bci \u015awi\u0105t oraz wszelkiej pomy\u015blno\u015bci. Niech Nowy Rok obfituje w zdrowie, trafne decyzje i pomy\u015bln\u0105 realizacj\u0119 plan\u00f3w.<\/p>\n\n\n\n<p><\/p>\n","protected":false},"excerpt":{"rendered":"<p>Szanowni Pa\u0144stwo,informujemy, \u017ce w zwi\u0105zku ze zbli\u017caj\u0105cym si\u0119 okresem \u015bwi\u0105teczno-noworocznym Punkt Obs\u0142ugi Przedsi\u0119biorcy b\u0119dzie dzia\u0142a\u0142 wed\u0142ug zmienionego harmonogramu: Zach\u0119camy do kontaktu w dniach pracy Punktu. \u017byczymy Pa\u0144stwu spokojnych, pe\u0142nych rado\u015bci \u015awi\u0105t oraz wszelkiej pomy\u015blno\u015bci. Niech Nowy Rok obfituje w zdrowie, trafne decyzje i pomy\u015bln\u0105 realizacj\u0119 plan\u00f3w.<\/p>\n","protected":false},"author":2,"featured_media":385,"comment_status":"closed","ping_status":"open","sticky":false,"template":"","format":"standard","meta":{"_acf_changed":false,"footnotes":""},"categories":[1],"tags":[],"class_list":["post-382","post","type-post","status-publish","format-standard","has-post-thumbnail","hentry","category-bez-kategorii"],"acf":[],"_links":{"self":[{"href":"https:\/\/edukacja-rownosc.pl\/index.php\/wp-json\/wp\/v2\/posts\/382","targetHints":{"allow":["GET"]}}],"collection":[{"href":"https:\/\/edukacja-rownosc.pl\/index.php\/wp-json\/wp\/v2\/posts"}],"about":[{"href":"https:\/\/edukacja-rownosc.pl\/index.php\/wp-json\/wp\/v2\/types\/post"}],"author":[{"embeddable":true,"href":"https:\/\/edukacja-rownosc.pl\/index.php\/wp-json\/wp\/v2\/users\/2"}],"replies":[{"embeddable":true,"href":"https:\/\/edukacja-rownosc.pl\/index.php\/wp-json\/wp\/v2\/comments?post=382"}],"version-history":[{"count":2,"href":"https:\/\/edukacja-rownosc.pl\/index.php\/wp-json\/wp\/v2\/posts\/382\/revisions"}],"predecessor-version":[{"id":386,"href":"https:\/\/edukacja-rownosc.pl\/index.php\/wp-json\/wp\/v2\/posts\/382\/revisions\/386"}],"wp:featuredmedia":[{"embeddable":true,"href":"https:\/\/edukacja-rownosc.pl\/index.php\/wp-json\/wp\/v2\/media\/385"}],"wp:attachment":[{"href":"https:\/\/edukacja-rownosc.pl\/index.php\/wp-json\/wp\/v2\/media?parent=382"}],"wp:term":[{"taxonomy":"category","embeddable":true,"href":"https:\/\/edukacja-rownosc.pl\/index.php\/wp-json\/wp\/v2\/categories?post=382"},{"taxonomy":"post_tag","embeddable":true,"href":"https:\/\/edukacja-rownosc.pl\/index.php\/wp-json\/wp\/v2\/tags?post=382"}],"curies":[{"name":"wp","href":"https:\/\/api.w.org\/{rel}","templated":true}]}}